{"id":2927,"date":"2022-06-03T15:12:58","date_gmt":"2022-06-03T15:12:58","guid":{"rendered":"https:\/\/www.betweenlgbt.com.mx\/?p=2927"},"modified":"2022-06-03T15:54:41","modified_gmt":"2022-06-03T15:54:41","slug":"el-congreso-del-estado-de-veracruz-reconoce-matrimonio-igualitario","status":"publish","type":"post","link":"https:\/\/www.betweenlgbt.com.mx\/en\/2022\/06\/03\/el-congreso-del-estado-de-veracruz-reconoce-matrimonio-igualitario\/","title":{"rendered":"El Congreso del Estado de Veracruz reconoce matrimonio igualitario"},"content":{"rendered":"<div class=\"vc_row wpb_row vc_row-fluid\"><div class=\"wpb_column vc_column_container vc_col-sm-2\"><div class=\"vc_column-inner\"><div class=\"wpb_wrapper\"><\/div><\/div><\/div><div class=\"wpb_column vc_column_container vc_col-sm-8\"><div class=\"vc_column-inner\"><div class=\"wpb_wrapper\"><style type=\"text\/css\" data-type=\"the7_shortcodes-inline-css\">.gallery-shortcode.gallery-masonry-shortcode-id-3c4261cd60d4122890c2fc5419b81028 figure,\n.gallery-shortcode.gallery-masonry-shortcode-id-3c4261cd60d4122890c2fc5419b81028 .rollover,\n.gallery-shortcode.gallery-masonry-shortcode-id-3c4261cd60d4122890c2fc5419b81028 img,\n.gallery-shortcode.gallery-masonry-shortcode-id-3c4261cd60d4122890c2fc5419b81028 .gallery-rollover {\n  border-radius: 0px;\n}\n.gallery-shortcode.gallery-masonry-shortcode-id-3c4261cd60d4122890c2fc5419b81028.enable-bg-rollover .gallery-rollover {\n  background: ;\n  background: -webkit-linear-gradient();\n  background: linear-gradient();\n}\n.gallery-shortcode.gallery-masonry-shortcode-id-3c4261cd60d4122890c2fc5419b81028.enable-img-shadow figure {\n  box-shadow: ;\n}\n.gallery-shortcode.gallery-masonry-shortcode-id-3c4261cd60d4122890c2fc5419b81028.enable-bg-rollover.hover-scale figure .rollover:after {\n  background: ;\n  background: -webkit-linear-gradient();\n  background: linear-gradient();\n}\n.gallery-shortcode.gallery-masonry-shortcode-id-3c4261cd60d4122890c2fc5419b81028 .gallery-zoom-ico {\n  width: 44px;\n  height: 44px;\n  line-height: 44px;\n  border-radius: 100px;\n  margin: -22px 0 0 -22px;\n  border-width: 0px;\n  color: #ffffff;\n}\n.dt-icon-bg-on.gallery-shortcode.gallery-masonry-shortcode-id-3c4261cd60d4122890c2fc5419b81028 .gallery-zoom-ico {\n  background: rgba(255,255,255,0.3);\n  box-shadow: none;\n}\n.gallery-shortcode.gallery-masonry-shortcode-id-3c4261cd60d4122890c2fc5419b81028 .gallery-zoom-ico:before,\n.gallery-shortcode.gallery-masonry-shortcode-id-3c4261cd60d4122890c2fc5419b81028 .gallery-zoom-ico span {\n  font-size: 32px;\n  line-height: 44px;\n  color: #ffffff;\n}\n.gallery-shortcode.gallery-masonry-shortcode-id-3c4261cd60d4122890c2fc5419b81028:not(.resize-by-browser-width) .dt-css-grid {\n  grid-row-gap: 4px;\n  grid-column-gap: 4px;\n  grid-template-columns: repeat(auto-fill,minmax(,1fr));\n}\n.gallery-shortcode.gallery-masonry-shortcode-id-3c4261cd60d4122890c2fc5419b81028:not(.resize-by-browser-width) .dt-css-grid .double-width {\n  grid-column: span 2;\n}\n.cssgridlegacy.no-cssgrid .gallery-shortcode.gallery-masonry-shortcode-id-3c4261cd60d4122890c2fc5419b81028:not(.resize-by-browser-width) .dt-css-grid,\n.no-cssgridlegacy.no-cssgrid .gallery-shortcode.gallery-masonry-shortcode-id-3c4261cd60d4122890c2fc5419b81028:not(.resize-by-browser-width) .dt-css-grid {\n  display: flex;\n  flex-flow: row wrap;\n  margin: -2px;\n}\n.cssgridlegacy.no-cssgrid .gallery-shortcode.gallery-masonry-shortcode-id-3c4261cd60d4122890c2fc5419b81028:not(.resize-by-browser-width) .dt-css-grid .wf-cell,\n.no-cssgridlegacy.no-cssgrid .gallery-shortcode.gallery-masonry-shortcode-id-3c4261cd60d4122890c2fc5419b81028:not(.resize-by-browser-width) .dt-css-grid .wf-cell {\n  flex: 1 0 ;\n  min-width: ;\n  max-width: 100%;\n  padding: 2px;\n  box-sizing: border-box;\n}\n.gallery-shortcode.gallery-masonry-shortcode-id-3c4261cd60d4122890c2fc5419b81028.resize-by-browser-width .dt-css-grid {\n  grid-template-columns: repeat(1,1fr);\n  grid-template-rows: auto;\n  grid-column-gap: 4px;\n  grid-row-gap: 4px;\n}\n.gallery-shortcode.gallery-masonry-shortcode-id-3c4261cd60d4122890c2fc5419b81028.resize-by-browser-width .dt-css-grid .double-width {\n  grid-column: span 2;\n}\n.cssgridlegacy.no-cssgrid .gallery-shortcode.gallery-masonry-shortcode-id-3c4261cd60d4122890c2fc5419b81028.resize-by-browser-width .dt-css-grid {\n  margin: -2px;\n}\n.cssgridlegacy.no-cssgrid .gallery-shortcode.gallery-masonry-shortcode-id-3c4261cd60d4122890c2fc5419b81028.resize-by-browser-width .dt-css-grid .wf-cell {\n  width: 100%;\n  padding: 2px;\n}\n.cssgridlegacy.no-cssgrid .gallery-shortcode.gallery-masonry-shortcode-id-3c4261cd60d4122890c2fc5419b81028.resize-by-browser-width .dt-css-grid .wf-cell.double-width {\n  width: calc(100%) * 2;\n}\n.gallery-shortcode.gallery-masonry-shortcode-id-3c4261cd60d4122890c2fc5419b81028.resize-by-browser-width:not(.centered-layout-list):not(.content-bg-on) .dt-css-grid {\n  grid-row-gap: 4px - ;\n}\n@media screen and (max-width: 1199px) {\n  .gallery-shortcode.gallery-masonry-shortcode-id-3c4261cd60d4122890c2fc5419b81028.resize-by-browser-width .dt-css-grid {\n    grid-template-columns: repeat(1,1fr);\n  }\n  .cssgridlegacy.no-cssgrid .gallery-shortcode.gallery-masonry-shortcode-id-3c4261cd60d4122890c2fc5419b81028.resize-by-browser-width .dt-css-grid .wf-cell,\n  .no-cssgridlegacy.no-cssgrid .gallery-shortcode.gallery-masonry-shortcode-id-3c4261cd60d4122890c2fc5419b81028.resize-by-browser-width .dt-css-grid .wf-cell {\n    width: 100%;\n  }\n  .cssgridlegacy.no-cssgrid .gallery-shortcode.gallery-masonry-shortcode-id-3c4261cd60d4122890c2fc5419b81028.resize-by-browser-width .dt-css-grid .wf-cell.double-width,\n  .no-cssgridlegacy.no-cssgrid .gallery-shortcode.gallery-masonry-shortcode-id-3c4261cd60d4122890c2fc5419b81028.resize-by-browser-width .dt-css-grid .wf-cell.double-width {\n    width: calc(100%)*2;\n  }\n}\n@media screen and (max-width: 991px) {\n  .gallery-shortcode.gallery-masonry-shortcode-id-3c4261cd60d4122890c2fc5419b81028.resize-by-browser-width .dt-css-grid {\n    grid-template-columns: repeat(1,1fr);\n  }\n  .cssgridlegacy.no-cssgrid .gallery-shortcode.gallery-masonry-shortcode-id-3c4261cd60d4122890c2fc5419b81028.resize-by-browser-width .dt-css-grid .wf-cell,\n  .no-cssgridlegacy.no-cssgrid .gallery-shortcode.gallery-masonry-shortcode-id-3c4261cd60d4122890c2fc5419b81028.resize-by-browser-width .dt-css-grid .wf-cell {\n    width: 100%;\n  }\n  .cssgridlegacy.no-cssgrid .gallery-shortcode.gallery-masonry-shortcode-id-3c4261cd60d4122890c2fc5419b81028.resize-by-browser-width .dt-css-grid .wf-cell.double-width,\n  .no-cssgridlegacy.no-cssgrid .gallery-shortcode.gallery-masonry-shortcode-id-3c4261cd60d4122890c2fc5419b81028.resize-by-browser-width .dt-css-grid .wf-cell.double-width {\n    width: calc(100%)*2;\n  }\n}\n@media screen and (max-width: 767px) {\n  .gallery-shortcode.gallery-masonry-shortcode-id-3c4261cd60d4122890c2fc5419b81028.resize-by-browser-width .dt-css-grid {\n    grid-template-columns: repeat(1,1fr);\n  }\n  .cssgridlegacy.no-cssgrid .gallery-shortcode.gallery-masonry-shortcode-id-3c4261cd60d4122890c2fc5419b81028.resize-by-browser-width .dt-css-grid .wf-cell,\n  .no-cssgridlegacy.no-cssgrid .gallery-shortcode.gallery-masonry-shortcode-id-3c4261cd60d4122890c2fc5419b81028.resize-by-browser-width .dt-css-grid .wf-cell {\n    width: 100%;\n  }\n  .cssgridlegacy.no-cssgrid .gallery-shortcode.gallery-masonry-shortcode-id-3c4261cd60d4122890c2fc5419b81028.resize-by-browser-width .dt-css-grid .wf-cell.double-width,\n  .no-cssgridlegacy.no-cssgrid .gallery-shortcode.gallery-masonry-shortcode-id-3c4261cd60d4122890c2fc5419b81028.resize-by-browser-width .dt-css-grid .wf-cell.double-width {\n    width: calc(100%)*2;\n  }\n}\n<\/style><div class=\"gallery-shortcode dt-gallery-container gallery-masonry-shortcode-id-3c4261cd60d4122890c2fc5419b81028 mode-masonry jquery-filter dt-icon-bg-off quick-scale-img enable-bg-rollover resize-by-browser-width  hover-fade loading-effect-none description-on-hover\" data-padding=\"2px\" data-cur-page=\"1\" data-post-limit=\"-1\" data-pagination-mode=\"none\" data-desktop-columns-num=\"1\" data-v-tablet-columns-num=\"1\" data-h-tablet-columns-num=\"1\" data-phone-columns-num=\"1\" data-width=\"0px\" data-columns=\"0\"><div class=\"iso-container\" ><div class=\"wf-cell iso-item\" data-post-id=\"2933\" data-date=\"2022-06-03T15:26:38+00:00\" data-name=\"Matrimonio igualitario\"><figure class=\"post visible\"><a href=\"https:\/\/www.betweenlgbt.com.mx\/wp-content\/uploads\/2022\/06\/Captura-de-pantalla-2022-06-03-a-las-10.26.09.png\" class=\"rollover dt-pswp-item layzr-bg\" data-large_image_width=\"971\" data-large_image_height=\"526\" data-dt-img-description=\"\" title=\"Matrimonio igualitario\"><img loading=\"lazy\" decoding=\"async\" class=\"preload-me iso-lazy-load\" src=\"data:image\/svg+xml,%3Csvg%20xmlns%3D&#39;http%3A%2F%2Fwww.w3.org%2F2000%2Fsvg&#39;%20viewBox%3D&#39;0%200%20971%20526&#39;%2F%3E\" data-src=\"https:\/\/www.betweenlgbt.com.mx\/wp-content\/uploads\/2022\/06\/Captura-de-pantalla-2022-06-03-a-las-10.26.09.png\" data-srcset=\"https:\/\/www.betweenlgbt.com.mx\/wp-content\/uploads\/2022\/06\/Captura-de-pantalla-2022-06-03-a-las-10.26.09.png 971w\" alt=\"\" width=\"971\" height=\"526\"  \/><span class=\"gallery-rollover\"><span class=\"gallery-zoom-ico icomoon-the7-font-the7-zoom-06\"><span><\/span><\/span><\/span><\/a><\/figure><\/div><\/div><!-- iso-container|iso-grid --><\/div>\n\t<div class=\"wpb_text_column wpb_content_element\" >\n\t\t<div class=\"wpb_wrapper\">\n\t\t\t<p>Foto: El Universal, junio 2 de 2022<\/p>\n\n\t\t<\/div>\n\t<\/div>\n<\/div><\/div><\/div><div class=\"wpb_column vc_column_container vc_col-sm-2\"><div class=\"vc_column-inner\"><div class=\"wpb_wrapper\"><\/div><\/div><\/div><\/div><div class=\"vc_row wpb_row vc_row-fluid\"><div class=\"wpb_column vc_column_container vc_col-sm-12\"><div class=\"vc_column-inner\"><div class=\"wpb_wrapper\">\n\t<div class=\"wpb_text_column wpb_content_element\" >\n\t\t<div class=\"wpb_wrapper\">\n\t\t\t<p><span style=\"font-size: 14pt; color: #000000;\">La aprobaci\u00f3n que hace el Congreso de Veracruz de la iniciativa de ley que permite el matrimonio entre personas del mismo sexo, se da dos d\u00edas despu\u00e9s de que la Suprema Corte de Justicia de la Naci\u00f3n (SCJN) invalidara dos art\u00edculos del C\u00f3digo Civil Estatal: el art\u00edculo 75 y el 47, los cuales defin\u00edan al matrimonio y al concubinato como la uni\u00f3n entre un solo hombre y una sola mujer.<\/span><\/p>\n<p><span style=\"font-size: 14pt; color: #000000;\">Con la iniciativa de ley se reforma el art\u00edculo 75 quedando de la siguiente manera: \u201cEl matrimonio es la uni\u00f3n de dos personas a trav\u00e9s de un contrato civil que, en ejercicio de su voluntad, deciden compartir un proyecto de vida conjunto, a partir de una relaci\u00f3n afectiva con \u00e1nimo de permanencia, cooperaci\u00f3n y apoyo mutuo y sin impedimento legal alguno\u201d.<\/span><\/p>\n<p><span style=\"font-size: 14pt; color: #000000;\">La iniciativa se aprueba con 38 votos a favor y 4 en contra y fue presentada por los legisladores Gonzalo Dur\u00e1n Chincoya, de Morena (Movimiento Regeneraci\u00f3n Nacional), y Ram\u00f3n D\u00edaz \u00c1vila, del PT (Partido del Trabajo).<\/span><\/p>\n<p><span style=\"font-size: 14pt; color: #000000;\">Cabe mencionar que antes de esta aprobaci\u00f3n en\u00a0 2021 activistas LGBT ya hab\u00edan exigido al Congreso reconocer este derecho, al no haber respuesta por parte de \u00e9ste, comenzaron a hacer litigio estrat\u00e9gico logrando que la Corte Suprema invalidara los art\u00edculos arriba mencionados y que ya no se les pidiera interponer un amparo. De tal forma que es por la v\u00eda judicial por donde se da por primera vez el reconocimiento al matrimonio igualitario en Veracruz.<\/span><\/p>\n\n\t\t<\/div>\n\t<\/div>\n\n\t<div class=\"wpb_text_column wpb_content_element\" >\n\t\t<div class=\"wpb_wrapper\">\n\t\t\t<p>Fuentes:<br \/>\nMilenio, 02 de junio 2022, &#8220;Veracruz aprueba matrimonio igualitario&#8221;<br \/>\n<a href=\"https:\/\/www.milenio.com\/estados\/veracruz-aprueba-matrimonio-igualitario\">https:\/\/www.milenio.com\/estados\/veracruz-aprueba-matrimonio-igualitario<\/a><\/p>\n<p>Forbes, 02 de junio de 2022, &#8220;Congreso de Veracruz aprueba matrimonio igualitario&#8221;<br \/>\n<a href=\"https:\/\/www.forbes.com.mx\/congreso-de-veracruz-aprueba-matrimonio-igualitario\/\">https:\/\/www.forbes.com.mx\/congreso-de-veracruz-aprueba-matrimonio-igualitario\/<\/a><\/p>\n\n\t\t<\/div>\n\t<\/div>\n<\/div><\/div><\/div><\/div>","protected":false},"excerpt":{"rendered":"<p>Foto: El Universal, junio 2 de 2022 La aprobaci\u00f3n que hace el Congreso de Veracruz de la iniciativa de ley que permite el matrimonio entre personas del mismo sexo, se da dos d\u00edas despu\u00e9s de que la Suprema Corte de Justicia de la Naci\u00f3n (SCJN) invalidara dos art\u00edculos del C\u00f3digo Civil Estatal: el art\u00edculo 75&hellip;<\/p>","protected":false},"author":1,"featured_media":0,"comment_status":"open","ping_status":"closed","sticky":false,"template":"","format":"standard","meta":[],"categories":[220],"tags":[258,235,231],"class_list":["post-2927","post","type-post","status-publish","format-standard","hentry","category-noticias","tag-congreso-de-veracruz","tag-derechos-lgbt","tag-matrimonio-igualitario","category-220","description-off"],"yoast_head":"<!-- This site is optimized with the Yoast SEO plugin v26.9 - https:\/\/yoast.com\/product\/yoast-seo-wordpress\/ -->\n<title>El Congreso del Estado de Veracruz reconoce matrimonio igualitario - BETWEEN LGBT*<\/title>\n<meta name=\"robots\" content=\"index, follow, max-snippet:-1, max-image-preview:large, max-video-preview:-1\" \/>\n<link rel=\"canonical\" href=\"https:\/\/www.betweenlgbt.com.mx\/en\/2022\/06\/03\/el-congreso-del-estado-de-veracruz-reconoce-matrimonio-igualitario\/\" \/>\n<meta property=\"og:locale\" content=\"en_GB\" \/>\n<meta property=\"og:type\" content=\"article\" \/>\n<meta property=\"og:title\" content=\"El Congreso del Estado de Veracruz reconoce matrimonio igualitario - BETWEEN LGBT*\" \/>\n<meta property=\"og:url\" content=\"https:\/\/www.betweenlgbt.com.mx\/en\/2022\/06\/03\/el-congreso-del-estado-de-veracruz-reconoce-matrimonio-igualitario\/\" \/>\n<meta property=\"og:site_name\" content=\"BETWEEN LGBT*\" \/>\n<meta property=\"article:author\" content=\"https:\/\/www.facebook.com\/BetweenLGBT\" \/>\n<meta property=\"article:published_time\" content=\"2022-06-03T15:12:58+00:00\" \/>\n<meta property=\"article:modified_time\" content=\"2022-06-03T15:54:41+00:00\" \/>\n<meta property=\"og:image\" content=\"https:\/\/www.betweenlgbt.com.mx\/wp-content\/uploads\/2022\/06\/Captura-de-pantalla-2022-06-03-a-las-10.26.09.png\" \/>\n\t<meta property=\"og:image:width\" content=\"971\" \/>\n\t<meta property=\"og:image:height\" content=\"526\" \/>\n\t<meta property=\"og:image:type\" content=\"image\/png\" \/>\n<meta name=\"author\" content=\"between\" \/>\n<meta name=\"twitter:card\" content=\"summary_large_image\" \/>\n<meta name=\"twitter:image\" content=\"https:\/\/www.betweenlgbt.com.mx\/wp-content\/uploads\/2022\/06\/Captura-de-pantalla-2022-06-03-a-las-10.26.09.png\" \/>\n<meta name=\"twitter:label1\" content=\"Written by\" \/>\n\t<meta name=\"twitter:data1\" content=\"between\" \/>\n\t<meta name=\"twitter:label2\" content=\"Estimated reading time\" \/>\n\t<meta name=\"twitter:data2\" content=\"2 minutes\" \/>\n<script type=\"application\/ld+json\" class=\"yoast-schema-graph\">{\"@context\":\"https:\/\/schema.org\",\"@graph\":[{\"@type\":\"Article\",\"@id\":\"https:\/\/www.betweenlgbt.com.mx\/2022\/06\/03\/el-congreso-del-estado-de-veracruz-reconoce-matrimonio-igualitario\/#article\",\"isPartOf\":{\"@id\":\"https:\/\/www.betweenlgbt.com.mx\/2022\/06\/03\/el-congreso-del-estado-de-veracruz-reconoce-matrimonio-igualitario\/\"},\"author\":{\"name\":\"between\",\"@id\":\"https:\/\/www.betweenlgbt.com.mx\/#\/schema\/person\/30f69ac3528a7ac67916b2b1663045ae\"},\"headline\":\"El Congreso del Estado de Veracruz reconoce matrimonio igualitario\",\"datePublished\":\"2022-06-03T15:12:58+00:00\",\"dateModified\":\"2022-06-03T15:54:41+00:00\",\"mainEntityOfPage\":{\"@id\":\"https:\/\/www.betweenlgbt.com.mx\/2022\/06\/03\/el-congreso-del-estado-de-veracruz-reconoce-matrimonio-igualitario\/\"},\"wordCount\":377,\"commentCount\":0,\"publisher\":{\"@id\":\"https:\/\/www.betweenlgbt.com.mx\/#organization\"},\"keywords\":[\"Congreso de Veracruz\",\"Derechos LGBT\",\"Matrimonio igualitario\"],\"articleSection\":[\"Noticias\"],\"inLanguage\":\"en-GB\",\"potentialAction\":[{\"@type\":\"CommentAction\",\"name\":\"Comment\",\"target\":[\"https:\/\/www.betweenlgbt.com.mx\/2022\/06\/03\/el-congreso-del-estado-de-veracruz-reconoce-matrimonio-igualitario\/#respond\"]}]},{\"@type\":\"WebPage\",\"@id\":\"https:\/\/www.betweenlgbt.com.mx\/2022\/06\/03\/el-congreso-del-estado-de-veracruz-reconoce-matrimonio-igualitario\/\",\"url\":\"https:\/\/www.betweenlgbt.com.mx\/2022\/06\/03\/el-congreso-del-estado-de-veracruz-reconoce-matrimonio-igualitario\/\",\"name\":\"El Congreso del Estado de Veracruz reconoce matrimonio igualitario - BETWEEN LGBT*\",\"isPartOf\":{\"@id\":\"https:\/\/www.betweenlgbt.com.mx\/#website\"},\"datePublished\":\"2022-06-03T15:12:58+00:00\",\"dateModified\":\"2022-06-03T15:54:41+00:00\",\"breadcrumb\":{\"@id\":\"https:\/\/www.betweenlgbt.com.mx\/2022\/06\/03\/el-congreso-del-estado-de-veracruz-reconoce-matrimonio-igualitario\/#breadcrumb\"},\"inLanguage\":\"en-GB\",\"potentialAction\":[{\"@type\":\"ReadAction\",\"target\":[\"https:\/\/www.betweenlgbt.com.mx\/2022\/06\/03\/el-congreso-del-estado-de-veracruz-reconoce-matrimonio-igualitario\/\"]}]},{\"@type\":\"BreadcrumbList\",\"@id\":\"https:\/\/www.betweenlgbt.com.mx\/2022\/06\/03\/el-congreso-del-estado-de-veracruz-reconoce-matrimonio-igualitario\/#breadcrumb\",\"itemListElement\":[{\"@type\":\"ListItem\",\"position\":1,\"name\":\"Portada\",\"item\":\"https:\/\/www.betweenlgbt.com.mx\/\"},{\"@type\":\"ListItem\",\"position\":2,\"name\":\"El Congreso del Estado de Veracruz reconoce matrimonio igualitario\"}]},{\"@type\":\"WebSite\",\"@id\":\"https:\/\/www.betweenlgbt.com.mx\/#website\",\"url\":\"https:\/\/www.betweenlgbt.com.mx\/\",\"name\":\"BETWEEN LGBT*\",\"description\":\"BETWEEN LGBT* es una plataforma para consulta de derechos humanos de la poblaci\u00f3n LGBT en M\u00e9xico y Am\u00e9rica Latina\",\"publisher\":{\"@id\":\"https:\/\/www.betweenlgbt.com.mx\/#organization\"},\"potentialAction\":[{\"@type\":\"SearchAction\",\"target\":{\"@type\":\"EntryPoint\",\"urlTemplate\":\"https:\/\/www.betweenlgbt.com.mx\/?s={search_term_string}\"},\"query-input\":{\"@type\":\"PropertyValueSpecification\",\"valueRequired\":true,\"valueName\":\"search_term_string\"}}],\"inLanguage\":\"en-GB\"},{\"@type\":\"Organization\",\"@id\":\"https:\/\/www.betweenlgbt.com.mx\/#organization\",\"name\":\"BETWEEN LGBT*\",\"url\":\"https:\/\/www.betweenlgbt.com.mx\/\",\"logo\":{\"@type\":\"ImageObject\",\"inLanguage\":\"en-GB\",\"@id\":\"https:\/\/www.betweenlgbt.com.mx\/#\/schema\/logo\/image\/\",\"url\":\"https:\/\/www.betweenlgbt.com.mx\/wp-content\/uploads\/2021\/12\/Captura-de-Pantalla-2021-12-20-a-las-14.19.48.png\",\"contentUrl\":\"https:\/\/www.betweenlgbt.com.mx\/wp-content\/uploads\/2021\/12\/Captura-de-Pantalla-2021-12-20-a-las-14.19.48.png\",\"width\":464,\"height\":332,\"caption\":\"BETWEEN LGBT*\"},\"image\":{\"@id\":\"https:\/\/www.betweenlgbt.com.mx\/#\/schema\/logo\/image\/\"}},{\"@type\":\"Person\",\"@id\":\"https:\/\/www.betweenlgbt.com.mx\/#\/schema\/person\/30f69ac3528a7ac67916b2b1663045ae\",\"name\":\"between\",\"image\":{\"@type\":\"ImageObject\",\"inLanguage\":\"en-GB\",\"@id\":\"https:\/\/www.betweenlgbt.com.mx\/#\/schema\/person\/image\/\",\"url\":\"https:\/\/secure.gravatar.com\/avatar\/439b6a74568a755c9f575973ac5387cd68edff0ab6f76f28b6721d33a923487f?s=96&d=mm&r=g\",\"contentUrl\":\"https:\/\/secure.gravatar.com\/avatar\/439b6a74568a755c9f575973ac5387cd68edff0ab6f76f28b6721d33a923487f?s=96&d=mm&r=g\",\"caption\":\"between\"},\"sameAs\":[\"https:\/\/www.betweenlgbt.com.mx\",\"https:\/\/www.facebook.com\/BetweenLGBT\"],\"url\":\"https:\/\/www.betweenlgbt.com.mx\/en\/author\/between\/\"}]}<\/script>\n<!-- \/ Yoast SEO plugin. -->","yoast_head_json":{"title":"El Congreso del Estado de Veracruz reconoce matrimonio igualitario - BETWEEN LGBT*","robots":{"index":"index","follow":"follow","max-snippet":"max-snippet:-1","max-image-preview":"max-image-preview:large","max-video-preview":"max-video-preview:-1"},"canonical":"https:\/\/www.betweenlgbt.com.mx\/en\/2022\/06\/03\/el-congreso-del-estado-de-veracruz-reconoce-matrimonio-igualitario\/","og_locale":"en_GB","og_type":"article","og_title":"El Congreso del Estado de Veracruz reconoce matrimonio igualitario - BETWEEN LGBT*","og_url":"https:\/\/www.betweenlgbt.com.mx\/en\/2022\/06\/03\/el-congreso-del-estado-de-veracruz-reconoce-matrimonio-igualitario\/","og_site_name":"BETWEEN LGBT*","article_author":"https:\/\/www.facebook.com\/BetweenLGBT","article_published_time":"2022-06-03T15:12:58+00:00","article_modified_time":"2022-06-03T15:54:41+00:00","og_image":[{"width":971,"height":526,"url":"https:\/\/www.betweenlgbt.com.mx\/wp-content\/uploads\/2022\/06\/Captura-de-pantalla-2022-06-03-a-las-10.26.09.png","type":"image\/png"}],"author":"between","twitter_card":"summary_large_image","twitter_image":"https:\/\/www.betweenlgbt.com.mx\/wp-content\/uploads\/2022\/06\/Captura-de-pantalla-2022-06-03-a-las-10.26.09.png","twitter_misc":{"Written by":"between","Estimated reading time":"2 minutes"},"schema":{"@context":"https:\/\/schema.org","@graph":[{"@type":"Article","@id":"https:\/\/www.betweenlgbt.com.mx\/2022\/06\/03\/el-congreso-del-estado-de-veracruz-reconoce-matrimonio-igualitario\/#article","isPartOf":{"@id":"https:\/\/www.betweenlgbt.com.mx\/2022\/06\/03\/el-congreso-del-estado-de-veracruz-reconoce-matrimonio-igualitario\/"},"author":{"name":"between","@id":"https:\/\/www.betweenlgbt.com.mx\/#\/schema\/person\/30f69ac3528a7ac67916b2b1663045ae"},"headline":"El Congreso del Estado de Veracruz reconoce matrimonio igualitario","datePublished":"2022-06-03T15:12:58+00:00","dateModified":"2022-06-03T15:54:41+00:00","mainEntityOfPage":{"@id":"https:\/\/www.betweenlgbt.com.mx\/2022\/06\/03\/el-congreso-del-estado-de-veracruz-reconoce-matrimonio-igualitario\/"},"wordCount":377,"commentCount":0,"publisher":{"@id":"https:\/\/www.betweenlgbt.com.mx\/#organization"},"keywords":["Congreso de Veracruz","Derechos LGBT","Matrimonio igualitario"],"articleSection":["Noticias"],"inLanguage":"en-GB","potentialAction":[{"@type":"CommentAction","name":"Comment","target":["https:\/\/www.betweenlgbt.com.mx\/2022\/06\/03\/el-congreso-del-estado-de-veracruz-reconoce-matrimonio-igualitario\/#respond"]}]},{"@type":"WebPage","@id":"https:\/\/www.betweenlgbt.com.mx\/2022\/06\/03\/el-congreso-del-estado-de-veracruz-reconoce-matrimonio-igualitario\/","url":"https:\/\/www.betweenlgbt.com.mx\/2022\/06\/03\/el-congreso-del-estado-de-veracruz-reconoce-matrimonio-igualitario\/","name":"El Congreso del Estado de Veracruz reconoce matrimonio igualitario - BETWEEN LGBT*","isPartOf":{"@id":"https:\/\/www.betweenlgbt.com.mx\/#website"},"datePublished":"2022-06-03T15:12:58+00:00","dateModified":"2022-06-03T15:54:41+00:00","breadcrumb":{"@id":"https:\/\/www.betweenlgbt.com.mx\/2022\/06\/03\/el-congreso-del-estado-de-veracruz-reconoce-matrimonio-igualitario\/#breadcrumb"},"inLanguage":"en-GB","potentialAction":[{"@type":"ReadAction","target":["https:\/\/www.betweenlgbt.com.mx\/2022\/06\/03\/el-congreso-del-estado-de-veracruz-reconoce-matrimonio-igualitario\/"]}]},{"@type":"BreadcrumbList","@id":"https:\/\/www.betweenlgbt.com.mx\/2022\/06\/03\/el-congreso-del-estado-de-veracruz-reconoce-matrimonio-igualitario\/#breadcrumb","itemListElement":[{"@type":"ListItem","position":1,"name":"Portada","item":"https:\/\/www.betweenlgbt.com.mx\/"},{"@type":"ListItem","position":2,"name":"El Congreso del Estado de Veracruz reconoce matrimonio igualitario"}]},{"@type":"WebSite","@id":"https:\/\/www.betweenlgbt.com.mx\/#website","url":"https:\/\/www.betweenlgbt.com.mx\/","name":"BETWEEN LGBT*","description":"BETWEEN LGBT* es una plataforma para consulta de derechos humanos de la poblaci\u00f3n LGBT en M\u00e9xico y Am\u00e9rica Latina","publisher":{"@id":"https:\/\/www.betweenlgbt.com.mx\/#organization"},"potentialAction":[{"@type":"SearchAction","target":{"@type":"EntryPoint","urlTemplate":"https:\/\/www.betweenlgbt.com.mx\/?s={search_term_string}"},"query-input":{"@type":"PropertyValueSpecification","valueRequired":true,"valueName":"search_term_string"}}],"inLanguage":"en-GB"},{"@type":"Organization","@id":"https:\/\/www.betweenlgbt.com.mx\/#organization","name":"BETWEEN LGBT*","url":"https:\/\/www.betweenlgbt.com.mx\/","logo":{"@type":"ImageObject","inLanguage":"en-GB","@id":"https:\/\/www.betweenlgbt.com.mx\/#\/schema\/logo\/image\/","url":"https:\/\/www.betweenlgbt.com.mx\/wp-content\/uploads\/2021\/12\/Captura-de-Pantalla-2021-12-20-a-las-14.19.48.png","contentUrl":"https:\/\/www.betweenlgbt.com.mx\/wp-content\/uploads\/2021\/12\/Captura-de-Pantalla-2021-12-20-a-las-14.19.48.png","width":464,"height":332,"caption":"BETWEEN LGBT*"},"image":{"@id":"https:\/\/www.betweenlgbt.com.mx\/#\/schema\/logo\/image\/"}},{"@type":"Person","@id":"https:\/\/www.betweenlgbt.com.mx\/#\/schema\/person\/30f69ac3528a7ac67916b2b1663045ae","name":"between","image":{"@type":"ImageObject","inLanguage":"en-GB","@id":"https:\/\/www.betweenlgbt.com.mx\/#\/schema\/person\/image\/","url":"https:\/\/secure.gravatar.com\/avatar\/439b6a74568a755c9f575973ac5387cd68edff0ab6f76f28b6721d33a923487f?s=96&d=mm&r=g","contentUrl":"https:\/\/secure.gravatar.com\/avatar\/439b6a74568a755c9f575973ac5387cd68edff0ab6f76f28b6721d33a923487f?s=96&d=mm&r=g","caption":"between"},"sameAs":["https:\/\/www.betweenlgbt.com.mx","https:\/\/www.facebook.com\/BetweenLGBT"],"url":"https:\/\/www.betweenlgbt.com.mx\/en\/author\/between\/"}]}},"_links":{"self":[{"href":"https:\/\/www.betweenlgbt.com.mx\/en\/wp-json\/wp\/v2\/posts\/2927","targetHints":{"allow":["GET"]}}],"collection":[{"href":"https:\/\/www.betweenlgbt.com.mx\/en\/wp-json\/wp\/v2\/posts"}],"about":[{"href":"https:\/\/www.betweenlgbt.com.mx\/en\/wp-json\/wp\/v2\/types\/post"}],"author":[{"embeddable":true,"href":"https:\/\/www.betweenlgbt.com.mx\/en\/wp-json\/wp\/v2\/users\/1"}],"replies":[{"embeddable":true,"href":"https:\/\/www.betweenlgbt.com.mx\/en\/wp-json\/wp\/v2\/comments?post=2927"}],"version-history":[{"count":0,"href":"https:\/\/www.betweenlgbt.com.mx\/en\/wp-json\/wp\/v2\/posts\/2927\/revisions"}],"wp:attachment":[{"href":"https:\/\/www.betweenlgbt.com.mx\/en\/wp-json\/wp\/v2\/media?parent=2927"}],"wp:term":[{"taxonomy":"category","embeddable":true,"href":"https:\/\/www.betweenlgbt.com.mx\/en\/wp-json\/wp\/v2\/categories?post=2927"},{"taxonomy":"post_tag","embeddable":true,"href":"https:\/\/www.betweenlgbt.com.mx\/en\/wp-json\/wp\/v2\/tags?post=2927"}],"curies":[{"name":"wp","href":"https:\/\/api.w.org\/{rel}","templated":true}]}}